[{"@context":"https:\/\/schema.org\/","@type":"Article","@id":"https:\/\/www.maax.cz\/vydejte-se-s-detmi-mikrobusem-do-jeseniku\/#Article","mainEntityOfPage":"https:\/\/www.maax.cz\/vydejte-se-s-detmi-mikrobusem-do-jeseniku\/","headline":"Vydejte se s d\u011btmi mikrobusem do Jesen\u00edk\u016f","name":"Vydejte se s d\u011btmi mikrobusem do Jesen\u00edk\u016f","description":"O pron\u00e1jmy mikrobus\u016f v Praze Rentcarservice maj\u00ed z\u00e1jem nap\u0159\u00edklad skupiny zahrani\u010dn\u00edch turist\u016f, kter\u00e9 si v\u016fz pronajmou na...","datePublished":"2023-04-22","dateModified":"2023-05-22","author":{"@type":"Person","@id":"https:\/\/www.maax.cz\/author\/#Person","name":"","url":"https:\/\/www.maax.cz\/author\/","identifier":1,"image":{"@type":"ImageObject","@id":"https:\/\/secure.gravatar.com\/avatar\/390ba47df5874845ef3762ac16ecd0a67f4e30c13cbb7c7ee444ade303aa885b?s=96&d=mm&r=g","url":"https:\/\/secure.gravatar.com\/avatar\/390ba47df5874845ef3762ac16ecd0a67f4e30c13cbb7c7ee444ade303aa885b?s=96&d=mm&r=g","height":96,"width":96}},"publisher":{"@type":"Organization","name":"maax.cz","logo":{"@type":"ImageObject","@id":"\/logo.png","url":"\/logo.png","width":600,"height":60}},"image":{"@type":"ImageObject","@id":"https:\/\/www.maax.cz\/wp-content\/uploads\/car-gf05409f85_640.jpg","url":"https:\/\/www.maax.cz\/wp-content\/uploads\/car-gf05409f85_640.jpg","height":0,"width":0},"url":"https:\/\/www.maax.cz\/vydejte-se-s-detmi-mikrobusem-do-jeseniku\/","about":["Spole\u010dnosti"],"wordCount":420,"articleBody":"   O pron\u00e1jmy mikrobus\u016f v Praze Rentcarservice maj\u00ed z\u00e1jem nap\u0159\u00edklad skupiny zahrani\u010dn\u00edch turist\u016f, kter\u00e9 si v\u016fz pronajmou na n\u011bkolik dn\u016f, a procestuj\u00ed s n\u00edm nejen Prahu, ale i velkou \u010d\u00e1st St\u0159edo\u010desk\u00e9ho kraje. Mohou zav\u00edtat i d\u00e1l, nap\u0159\u00edklad do hor, a mikrobus jim poskytne dokonal\u00e9 soukrom\u00ed. Pron\u00e1jmu mikrobusu m\u016f\u017eete vyu\u017e\u00edt i vy, jestli\u017ee byste r\u00e1di vyrazili do hor s d\u011btmi, nap\u0159\u00edklad s va\u0161imi p\u0159\u00e1teli, kte\u0159\u00ed tak\u00e9 maj\u00ed d\u011bti, a bude to takov\u00e1 \u201erodinn\u00e1 se\u0161lost\u201c. Tip\u016f, kam se vypravit, je cel\u00e1 \u0159ada, a jedn\u00edm z nich mohou b\u00fdt i Jesen\u00edky. V letn\u00edm obdob\u00ed za slune\u010dn\u00e9ho po\u010das\u00ed je tu opravdu kr\u00e1sn\u011b a m\u016f\u017eete tu pro\u017e\u00edt b\u00e1je\u010dnou t\u00fddenn\u00ed dovolenou. Mikrobus z\u00e1rove\u0148 poslou\u017e\u00ed jako pohotovostn\u00ed a z\u00e1sobovac\u00ed v\u016fz, s n\u00edm\u017e se snadno p\u0159esunete z m\u00edsta na m\u00edsto, jak v\u00e1m to bude vyhovovat.Prad\u011bd, B\u00edl\u00e1 Opava a Karlova Stud\u00e1nka \u2013 dominantou Hrub\u00e9ho Jesen\u00edku je Prad\u011bd a vy m\u016f\u017eete ponechat mikrobus na odstavn\u00e9m parkovi\u0161ti a vydat se na p\u011b\u0161\u00ed pochod sm\u011brem k rozhledn\u011b s vys\u00edla\u010dem na nejvy\u0161\u0161\u00edm vrcholu Moravy. Za slune\u010dn\u00e9ho po\u010das\u00ed tu pro\u017eijete skvostn\u00e9 okam\u017eiky s n\u00e1dhern\u00fdmi v\u00fdhledy do okol\u00ed. Na zp\u00e1te\u010dn\u00ed cest\u011b byste mohli nahl\u00e9dnout do ka\u0148onu B\u00edl\u00e9 Opavy a pozd\u011bji nav\u0161t\u00edvit l\u00e1ze\u0148skou obec Karlova Stud\u00e1nka, kde se nat\u00e1\u010dela \u201ekomedie stolet\u00ed\u201c \u201eS tebou m\u011b bav\u00ed sv\u011bt\u201c.Zlat\u00e9 Hory a Rejv\u00edz \u2013 S mikrobusem se m\u016f\u017eete v druh\u00e9 polovin\u011b t\u00fddne vypravit do m\u011bste\u010dka Zlat\u00e9 Hory a nedaleko odtud nav\u0161t\u00edvit ra\u0161elini\u0161t\u011b Rejv\u00edz. Nach\u00e1z\u00ed se na n\u00e1horn\u00ed plo\u0161in\u011b, na velmi p\u016fsobiv\u00e9m m\u00edst\u011b s dalek\u00fdm v\u00fdhledem, co\u017e v\u00e1m jist\u011b neunikne i cestou k l\u00e1ze\u0148sk\u00e9mu m\u011bstu Jesen\u00edk.Jesen\u00edky pat\u0159\u00ed k nej\u010dist\u0161\u00ed oblasti ve St\u0159edn\u00ed Evrop\u011b, zbav\u00edte tu t\u011blo n\u00e1nos\u016f smogu a stresu, kter\u00fd na ka\u017ed\u00e9ho z n\u00e1s dol\u00e9h\u00e1 z mnoha oblast\u00ed \u017eivota. A mo\u017en\u00e1, \u017ee budete cht\u00edt podobn\u011b lad\u011bnou dovolenou zopakovat \u010dast\u011bji, a mo\u017en\u00e1, \u017ee i na ja\u0159e, na podzim nebo v zim\u011b na b\u011b\u017ek\u00e1ch \u010di na sjezdovk\u00e1ch.                                                                                                                                                                                                                                                                                                                                                                                           4.3\/5 - (6 votes)        "},{"@context":"https:\/\/schema.org\/","@type":"BreadcrumbList","itemListElement":[{"@type":"ListItem","position":1,"name":"Vydejte se s d\u011btmi mikrobusem do Jesen\u00edk\u016f","item":"https:\/\/www.maax.cz\/vydejte-se-s-detmi-mikrobusem-do-jeseniku\/#breadcrumbitem"}]}]