[{"@context":"https:\/\/schema.org\/","@type":"Article","@id":"https:\/\/www.maax.cz\/stehujeme-v-lete-byt-v-praze\/#Article","mainEntityOfPage":"https:\/\/www.maax.cz\/stehujeme-v-lete-byt-v-praze\/","headline":"St\u011bhujeme v l\u00e9t\u011b byt v Praze","name":"St\u011bhujeme v l\u00e9t\u011b byt v Praze","description":"Praha je kr\u00e1sn\u00e9 m\u011bsto, velmi \u010dlenit\u00e9, na kopcovit\u00e9m ter\u00e9nu, co\u017e mo\u017en\u00e9 mnoh\u00e9 z v\u00e1s p\u0159\u00edjemn\u011b p\u0159ekvap\u00ed. Je...","datePublished":"2024-03-17","dateModified":"2024-04-17","author":{"@type":"Person","@id":"https:\/\/www.maax.cz\/author\/#Person","name":"","url":"https:\/\/www.maax.cz\/author\/","identifier":1,"image":{"@type":"ImageObject","@id":"https:\/\/secure.gravatar.com\/avatar\/390ba47df5874845ef3762ac16ecd0a67f4e30c13cbb7c7ee444ade303aa885b?s=96&d=mm&r=g","url":"https:\/\/secure.gravatar.com\/avatar\/390ba47df5874845ef3762ac16ecd0a67f4e30c13cbb7c7ee444ade303aa885b?s=96&d=mm&r=g","height":96,"width":96}},"publisher":{"@type":"Organization","name":"maax.cz","logo":{"@type":"ImageObject","@id":"\/logo.png","url":"\/logo.png","width":600,"height":60}},"image":{"@type":"ImageObject","@id":"https:\/\/www.maax.cz\/wp-content\/uploads\/room-1336497_640_10_1.jpg","url":"https:\/\/www.maax.cz\/wp-content\/uploads\/room-1336497_640_10_1.jpg","height":0,"width":0},"url":"https:\/\/www.maax.cz\/stehujeme-v-lete-byt-v-praze\/","about":["Spole\u010dnosti"],"wordCount":469,"articleBody":"   Praha je kr\u00e1sn\u00e9 m\u011bsto, velmi \u010dlenit\u00e9, na kopcovit\u00e9m ter\u00e9nu, co\u017e mo\u017en\u00e9 mnoh\u00e9 z v\u00e1s p\u0159\u00edjemn\u011b p\u0159ekvap\u00ed. Je zde i mnoho zaj\u00edmav\u00fdch p\u0159\u00edrodn\u00edch pam\u00e1tek v podob\u011b p\u0159\u00edrodn\u00edch park\u016f a rezervac\u00ed, a tak kdo z v\u00e1s se do Prahy st\u011bhuje, rozhodn\u011b si tu nemus\u00ed p\u0159ipadat jako n\u011bkde v p\u0159elidn\u011bn\u00e9m mraveni\u0161ti. Jestli\u017ee pl\u00e1nujete st\u011bhov\u00e1n\u00ed na letn\u00ed obdob\u00ed, m\u016f\u017eete toho z\u00e1rove\u0148 vyu\u017e\u00edt k v\u00fdb\u011bru dovolen\u00e9, v Praze je opravdu kam zaj\u00edt a alespo\u0148 si t\u00edm zpest\u0159\u00edte st\u011bhovac\u00ed martyrium. Mohli byste to napl\u00e1novat tak, \u017ee nap\u0159\u00edklad bude st\u011bhovac\u00ed den st\u0159eda, ve \u010dtvrtek a v p\u00e1tek si vezmete volno a p\u0159ipo\u010dtete k n\u011bmu je\u0161t\u011b cel\u00fd p\u0159\u00ed\u0161t\u00ed t\u00fdden. Voln\u00e9 dny se v\u00e1m tak\u00e9 budou hodit pro n\u011bkter\u00e9 administrativn\u00ed operace, nap\u0159\u00edklad pro nov\u00e9 doklady a p\u0159epis vozidla, a tak\u00e9 pro zaji\u0161t\u011bn\u00ed dodavatel\u016f energi\u00ed.Uv\u011bdomte si, \u017ee st\u011bhov\u00e1k za v\u00e1s odvede ten nejt\u011b\u017e\u0161\u00ed kus pr\u00e1ce zejm\u00e9na po fyzick\u00e9 str\u00e1nce, ale n\u00e1por na psychiku p\u0159ijde teprve po nast\u011bhov\u00e1n\u00ed, kdy mus\u00edte v\u0161echno vybalit z krabic a n\u011bkam um\u00edstit, rozm\u00edstit po m\u00edstnostech n\u00e1bytek, ukl\u00edzet a orientovat se v nov\u00e9m prost\u0159ed\u00ed. Proto se vyplat\u00ed br\u00e1t si dovolenou hlavn\u011b a\u017e po nast\u011bhov\u00e1n\u00ed, kdy \u010d\u00e1st sv\u00e9 energie vlo\u017e\u00edte do pracovn\u00edho procesu, a ve zb\u00fdvaj\u00edc\u00edm \u010dase vyu\u017eijete voln\u00fdch dn\u016f k odpo\u010dinku, k pohybu po m\u011bst\u011b, k n\u00e1kup\u016fm a k v\u00fdlet\u016fm do p\u0159\u00edrody.Letn\u00ed vedraP\u0159ipravte se tak\u00e9 na to, \u017ee v\u00e1s v Praze mohou zastihnout letn\u00ed vedra, a \u017ee v pr\u016fb\u011bhu st\u011bhov\u00e1n\u00ed to nebude nic p\u0159\u00edjemn\u00e9ho. M\u016f\u017eete dokonce trp\u011bt \u00fapalem a skon\u010dit v nemocnici, co\u017e by zrovna v tuto dobu bylo krajn\u011b nevhodn\u00e9. P\u0159i z\u00e1palu pr\u00e1ce v pr\u016fb\u011bhu st\u011bhov\u00e1n\u00ed m\u016f\u017eete zapom\u00ednat na pitn\u00fd re\u017eim, a to se pak vymst\u00ed kolapsov\u00fdmi stavy a dal\u0161\u00edmi zdravotn\u00edmi probl\u00e9my, co\u017e si pak vy\u017e\u00e1d\u00e1 pobyt na l\u016f\u017eku a pracovn\u00ed neschopnost v trv\u00e1n\u00ed n\u011bkolika t\u00fddn\u016f. V praxi se osv\u011bd\u010dil takzvan\u00fd st\u0159\u00eddav\u00fd re\u017eim, kdy nepracujete ve form\u011b n\u00e1poru n\u011bkolika hodin nar\u00e1z, ale t\u0159eba hodinu nebo dv\u011b v\u011bnujete pracovn\u00ed \u010dinnosti, pak si jdete odpo\u010dinout do parku nebo zajdete do cukr\u00e1rny, a pak zas pokra\u010dujete v pr\u00e1ci jen hodinu, a pot\u00e9 si op\u011bt dop\u0159ejete del\u0161\u00ed pauzu.                                                                                                                                                                                                                                                                                                                                                                                          4.6\/5 - (5 votes)        "},{"@context":"https:\/\/schema.org\/","@type":"BreadcrumbList","itemListElement":[{"@type":"ListItem","position":1,"name":"St\u011bhujeme v l\u00e9t\u011b byt v Praze","item":"https:\/\/www.maax.cz\/stehujeme-v-lete-byt-v-praze\/#breadcrumbitem"}]}]